[{"@context":"https:\/\/schema.org\/","@type":"Article","@id":"https:\/\/www.qqp.sk\/nase-oblecenie-reflektuje-sucasny-trend-ale-aj-nas-vlastny-styl-ci-osobnost\/#Article","mainEntityOfPage":"https:\/\/www.qqp.sk\/nase-oblecenie-reflektuje-sucasny-trend-ale-aj-nas-vlastny-styl-ci-osobnost\/","headline":"Na\u0161e oble\u010denie reflektuje s\u00fa\u010dasn\u00fd trend, ale aj n\u00e1\u0161 vlastn\u00fd \u0161t\u00fdl \u010di osobnos\u0165","name":"Na\u0161e oble\u010denie reflektuje s\u00fa\u010dasn\u00fd trend, ale aj n\u00e1\u0161 vlastn\u00fd \u0161t\u00fdl \u010di osobnos\u0165","description":"Najkraj\u0161ie s\u00fa tak\u00e9 kombin\u00e1cie oble\u010denia, ktor\u00e9 sa p\u00e1\u010dia samotn\u00e9mu nosite\u013eovi, teda vyhovuj\u00fa jeho \u0161t\u00fdlu a osobnosti. Nie ka\u017ed\u00fd m\u00e1 r\u00e1d farebn\u00e9 a pestr\u00e9 k\u00fasky odevov,","datePublished":"2023-01-22","dateModified":"2023-05-27","author":{"@type":"Person","@id":"https:\/\/www.qqp.sk\/author\/devene\/#Person","name":"devene","url":"https:\/\/www.qqp.sk\/author\/devene\/","identifier":1,"image":{"@type":"ImageObject","@id":"https:\/\/secure.gravatar.com\/avatar\/48db5b3634ed7a3f1f89bca90f0a2521b0bb3970d57e3653d258d10b0f31fdf3?s=96&d=mm&r=g","url":"https:\/\/secure.gravatar.com\/avatar\/48db5b3634ed7a3f1f89bca90f0a2521b0bb3970d57e3653d258d10b0f31fdf3?s=96&d=mm&r=g","height":96,"width":96}},"publisher":{"@type":"Organization","name":"qqp.sk","logo":{"@type":"ImageObject","@id":"\/logo.png","url":"\/logo.png","width":600,"height":60}},"image":{"@type":"ImageObject","@id":"https:\/\/www.qqp.sk\/wp-content\/uploads\/couch-2590993_960_720_1.jpg","url":"https:\/\/www.qqp.sk\/wp-content\/uploads\/couch-2590993_960_720_1.jpg","height":0,"width":0},"url":"https:\/\/www.qqp.sk\/nase-oblecenie-reflektuje-sucasny-trend-ale-aj-nas-vlastny-styl-ci-osobnost\/","about":["Tovar"],"wordCount":416,"articleBody":"         Najkraj\u0161ie s\u00fa tak\u00e9 kombin\u00e1cie oble\u010denia, ktor\u00e9 sa p\u00e1\u010dia samotn\u00e9mu nosite\u013eovi, teda vyhovuj\u00fa jeho \u0161t\u00fdlu a osobnosti. Nie ka\u017ed\u00fd m\u00e1 r\u00e1d farebn\u00e9 a pestr\u00e9 k\u00fasky odevov, v ich \u0161atn\u00edkoch by ste na\u0161li iba tmav\u0161ie \u010di \u010dierne a biele k\u00fasky, popr\u00edpade klasick\u00fa modr\u00fa, ktor\u00e1 sa naj\u010dastej\u0161ie objavuje na d\u017e\u00ednsoch. Hovor\u00ed sa, \u017ee \u010dierna a biela nie s\u00fa farby, a predsa ich m\u00e1me radi, preto\u017ee ich vari\u00e1ci\u00ed a kombin\u00e1ci\u00ed je nekone\u010dn\u00e9 mno\u017estvo, a ak si k nim dolad\u00edme e\u0161te jednu ob\u013e\u00faben\u00fa farbu, tak v\u00fdsledok bude fantastick\u00fd. Nebudeme p\u00f4sobi\u0165 ako kan\u00e1rik a predsa to bude n\u00e1padit\u00fd outfit. Na to, aby sme mohli neust\u00e1le kombinova\u0165 a tvori\u0165 v\u017edy in\u00fd outfit, potrebujeme ma\u0165 v \u0161atn\u00edku viacero k\u00faskov v nieko\u013ek\u00fdch kombinovate\u013en\u00fdch farb\u00e1ch, ktor\u00e9 sa n\u00e1m p\u00e1\u010dia.N\u00e1kupy na eshope s\u00fa jednoduch\u00e9, ak viete, \u010do v\u00e1m pristane a pozn\u00e1te strihy, ktor\u00e9 v\u00e1m bud\u00fa dobre sedie\u0165. BIG STAR m\u00e1 v ponuke ve\u013ea pekn\u00fdch odevov, okrem in\u00fdch aj d\u017e\u00ednsy v nieko\u013ek\u00fdch strihoch a farebn\u00fdch odtie\u0148och. Klasick\u00e1 modr\u00e1 je \u017eiadan\u00e1, vytv\u00e1ra blue jeans pekn\u00e9 dvojice s bielou, \u010diernou, ale aj ostatn\u00fdmi pastelov\u00fdmi farbami to m\u00f4\u017ee by\u0165 zauj\u00edmav\u00e9. Na denn\u00e9 nosenie, ale aj pr\u00edle\u017eitostne s\u00fa d\u017e\u00ednsy vo vhodnej kombin\u00e1cii s elegantn\u00fdm k\u00faskom vhodn\u00e9.M\u00f4\u017ee sa v\u0161ak sta\u0165, \u017ee sa v\u00e1m po \u010dase t\u00e1to klasika zunuje a budete ma\u0165 chu\u0165 vysk\u00fa\u0161a\u0165 aj in\u00e9 odtiene modrej farby, m\u00f4\u017eete to sk\u00fasi\u0165 n\u00e1kupom v tomto eshope. Tmav\u0161\u00ed alebo e\u0161te svetlej\u0161\u00ed odtie\u0148 modrej, s efektmi vyprania alebo bielenia bud\u00fa o\u017eiven\u00edm v\u00e1\u0161ho \u0161atn\u00edka, aspo\u0148 zist\u00edte, \u010di v\u00e1m pristane aj in\u00e1 farba \u010di \u0161t\u00fdl d\u017e\u00ednsov, ktor\u00e9 ste dlh\u00e9 roky nosili iba v tradi\u010dnej modrej. Pestros\u0165 sortimentu BIG STAR je v\u00fdzvou, aby ste si vysk\u00fa\u0161ali nie\u010do nov\u00e9, netradi\u010dn\u00e9 pre v\u00e1s, no zato to m\u00f4\u017ee by\u0165 pr\u00ednosn\u00e9 a vnesie v\u00e1m do skrine nov\u00fd vietor. Ur\u010dite m\u00e1te pestr\u00fd \u0161atn\u00edk, z ktor\u00fdch m\u00f4\u017eete vybera\u0165 vrchn\u00e9 \u010dasti oble\u010denia a vytv\u00e1ra\u0165 tak zauj\u00edmav\u00e9 outfity na ka\u017ed\u00fd de\u0148 \u010di pr\u00edle\u017eitos\u0165, v ktor\u00fdch sa budete c\u00edti\u0165 dobre.                                                                                                                                                                                                                                                                                                                                                                                          4.4\/5 - (8 votes)        "},{"@context":"https:\/\/schema.org\/","@type":"BreadcrumbList","itemListElement":[{"@type":"ListItem","position":1,"name":"Na\u0161e oble\u010denie reflektuje s\u00fa\u010dasn\u00fd trend, ale aj n\u00e1\u0161 vlastn\u00fd \u0161t\u00fdl \u010di osobnos\u0165","item":"https:\/\/www.qqp.sk\/nase-oblecenie-reflektuje-sucasny-trend-ale-aj-nas-vlastny-styl-ci-osobnost\/#breadcrumbitem"}]}]